{"id":7024,"date":"2022-10-26T14:51:34","date_gmt":"2022-10-26T14:51:34","guid":{"rendered":"https:\/\/zaliakalniopoliklinika.lt\/?p=7024"},"modified":"2023-02-01T15:44:35","modified_gmt":"2023-02-01T15:44:35","slug":"sezonine-depresija","status":"publish","type":"post","link":"https:\/\/zaliakalniopoliklinika.lt\/en\/2022\/10\/26\/sezonine-depresija\/","title":{"rendered":"Seasonal depression"},"content":{"rendered":"<div data-elementor-type=\"wp-post\" data-elementor-id=\"7024\" class=\"elementor elementor-7024\">\n\t\t\t\t\t\t\t        <section class=\"elementor-section elementor-top-section elementor-element elementor-element-12902dae elementor-section-boxed elementor-section-height-default elementor-section-height-default ct-header-fixed-none ct-column-none ct-row-scroll-none ct-row-gradient--none\" data-id=\"12902dae\" data-element_type=\"section\" data-settings=\"{&quot;ekit_has_onepagescroll_dot&quot;:&quot;yes&quot;}\">\n            \n                        <div class=\"elementor-container elementor-column-gap-default\">\n                    <div class=\"elementor-column elementor-col-100 elementor-top-column elementor-element elementor-element-7d0870ce ct-column-none col-offset-none col-color-offset-none\" data-id=\"7d0870ce\" data-element_type=\"column\">\n            <div class=\"elementor-widget-wrap elementor-element-populated\">\n                        \t\t<div class=\"elementor-element elementor-element-6cbbd9e elementor-widget elementor-widget-ct_text_editor\" data-id=\"6cbbd9e\" data-element_type=\"widget\" data-settings=\"{&quot;ekit_we_effect_on&quot;:&quot;none&quot;}\" data-widget_type=\"ct_text_editor.default\">\n\t\t\t\t<div class=\"elementor-widget-container\">\n\t\t\t<div id=\"ct_text_editor-6cbbd9e\" class=\"ct-text-editor\" data-wow-delay=\"ms\">\n\t<div class=\"ct-item--inner\">\n\t\t<div class=\"ct-inline-css\"  data-css=\"\t        \t\t\t\">\n\n\t    <\/div>\n\t\t<div class=\"ct-text-editor elementor-clearfix\">\n\t\t\t<p align=\"JUSTIFY\">Seasonal depression is a disorder associated with a particular time of year.<\/p><p align=\"JUSTIFY\">It affects between 0.4 and 9.7 per cent of people, mostly in northern latitudes, and genetic factors play a role in the development of this disorder. There is a distinction between autumn (winter) and spring (summer) depression. Seasonal depression is characterised by depressed mood, reduced performance and a feeling of persistent fatigue at certain times of the year.<\/p><p align=\"JUSTIFY\">I would like to say a few additional words about fatigue. If you feel tired after a hard day's work and decide to take a few days off, there is nothing wrong with that. But if you feel exhausted on Monday, after a weekend off, and your holiday is no longer helping, worry about your health.<\/p><p align=\"JUSTIFY\">Note also the persistent feeling of sleep deprivation, when after sleeping for 7-9 hours, you wake up without rest. Daytime sleepiness is one of the most common signs of seasonal mood disorder. So if you still don't want to go to work, if you're tired of doing household chores, if you don't enjoy anything anymore, if you find it hard to study, if you find it difficult to communicate, if you're finding it hard to lead a normal life in your usual environment - seek immediate medical attention, preferably from a specialist mental health professional. Find out the cause of your disorder.<\/p><p align=\"JUSTIFY\">Depression, like any illness, gets worse if left untreated. It leads to more and more gloomy thoughts, despair, guilt, feelings of inferiority, and even loss of the will to live. It should be stressed that depression can manifest itself in quite atypical ways. Often, the patient experiences more physical changes, such as chest, head and stomach pain, while mood changes, such as disturbed sleep, come second.<br \/>Such depression, where physical symptoms overshadow mental disability, is often untreatable because people simply go to the wrong specialist.<\/p><p align=\"JUSTIFY\">Doctors carry out a thorough examination to diagnose seasonal depression. They ask many questions about moods, seasonal changes in thoughts and behaviour, lifestyle, social status, sleep and eating disorders. They also carry out tests to check for other illnesses that may affect the symptoms of depression or mania. If the symptoms last for at least two consecutive years, could not have been caused by other illnesses, and are specific to a certain time of year, the person is considered to have seasonal depression.<\/p><p>\u00a0<\/p>\t\t\n\t\t<\/div>\n\t<\/div>\n<\/div>\t\t<\/div>\n\t\t\t\t<\/div>\n\t\t\t\t<div class=\"elementor-element elementor-element-402854b elementor-widget elementor-widget-ct_heading\" data-id=\"402854b\" data-element_type=\"widget\" data-settings=\"{&quot;ekit_we_effect_on&quot;:&quot;none&quot;}\" data-widget_type=\"ct_heading.default\">\n\t\t\t\t<div class=\"elementor-widget-container\">\n\t\t\t<div id=\"ct_heading-402854b\" class=\"ct-heading h-align- item-st-default highlight-style1\">\r\n  <div class=\"ct-heading--inner\"> \r\n    <div class=\"ct-inline-css\"  data-css=\"                                \">\r\n    <\/div>\r\n  \r\n\t    <h5 class=\"item--title st-default\" data-wow-delay=\"ms\">\r\n        <span class=\"ct-text-inner\">Psychologists at our clinic:<\/span>    <\/h5>\r\n  <\/div>\r\n<\/div>\r\n\t\t<\/div>\n\t\t\t\t<\/div>\n\t\t\t\t<div class=\"elementor-element elementor-element-ea0b17c elementor-widget elementor-widget-ct_link\" data-id=\"ea0b17c\" data-element_type=\"widget\" data-settings=\"{&quot;ekit_we_effect_on&quot;:&quot;none&quot;}\" data-widget_type=\"ct_link.default\">\n\t\t\t\t<div class=\"elementor-widget-container\">\n\t\t\t    <div class=\"ct-link1 style1\">\r\n        <ul class=\"ct-link-items\">\r\n                                <li>\r\n                        <a href=\"https:\/\/zaliakalniopoliklinika.lt\/en\/Gydytojai\/jogile-svede\/\">\r\n                                                        Jogil\u0117 \u0160ved\u0117                        <\/a>\r\n                    <\/li>\r\n                                <li>\r\n                        <a href=\"https:\/\/zaliakalniopoliklinika.lt\/en\/Gydytojai\/renata-petrukonyte\/\">\r\n                                                        Renata Petrukonyt\u0117                        <\/a>\r\n                    <\/li>\r\n                    <\/ul>\r\n    <\/div>\r\n\t\t<\/div>\n\t\t\t\t<\/div>\n\t\t\t\t<div class=\"elementor-element elementor-element-57dd933 elementor-widget elementor-widget-ct_heading\" data-id=\"57dd933\" data-element_type=\"widget\" data-settings=\"{&quot;ekit_we_effect_on&quot;:&quot;none&quot;}\" data-widget_type=\"ct_heading.default\">\n\t\t\t\t<div class=\"elementor-widget-container\">\n\t\t\t<div id=\"ct_heading-57dd933\" class=\"ct-heading h-align- item-st-default highlight-style1\">\r\n  <div class=\"ct-heading--inner\"> \r\n    <div class=\"ct-inline-css\"  data-css=\"                                \">\r\n    <\/div>\r\n  \r\n\t    <h5 class=\"item--title st-default\" data-wow-delay=\"ms\">\r\n        <span class=\"ct-text-inner\">You can register online:<\/span>    <\/h5>\r\n  <\/div>\r\n<\/div>\r\n\t\t<\/div>\n\t\t\t\t<\/div>\n\t\t\t\t<div class=\"elementor-element elementor-element-692cb39 elementor-widget elementor-widget-ct_link\" data-id=\"692cb39\" data-element_type=\"widget\" data-settings=\"{&quot;ekit_we_effect_on&quot;:&quot;none&quot;}\" data-widget_type=\"ct_link.default\">\n\t\t\t\t<div class=\"elementor-widget-container\">\n\t\t\t    <div class=\"ct-link1 style1\">\r\n        <ul class=\"ct-link-items\">\r\n                                <li>\r\n                        <a href=\"https:\/\/zreg.medsystem.lt\">\r\n                                                        Online registration                        <\/a>\r\n                    <\/li>\r\n                    <\/ul>\r\n    <\/div>\r\n\t\t<\/div>\n\t\t\t\t<\/div>\n\t\t\t\t<div class=\"elementor-element elementor-element-47c2217 elementor-widget elementor-widget-ct_heading\" data-id=\"47c2217\" data-element_type=\"widget\" data-settings=\"{&quot;ekit_we_effect_on&quot;:&quot;none&quot;}\" data-widget_type=\"ct_heading.default\">\n\t\t\t\t<div class=\"elementor-widget-container\">\n\t\t\t<div id=\"ct_heading-47c2217\" class=\"ct-heading h-align- item-st-default highlight-style1\">\r\n  <div class=\"ct-heading--inner\"> \r\n    <div class=\"ct-inline-css\"  data-css=\"                                \">\r\n    <\/div>\r\n  \r\n\t    <h5 class=\"item--title st-default\" data-wow-delay=\"ms\">\r\n        <span class=\"ct-text-inner\">Registration at the clinic phones:<\/span>    <\/h5>\r\n  <\/div>\r\n<\/div>\r\n\t\t<\/div>\n\t\t\t\t<\/div>\n\t\t\t\t<div class=\"elementor-element elementor-element-f93ea32 elementor-widget elementor-widget-ct_contact_info\" data-id=\"f93ea32\" data-element_type=\"widget\" data-settings=\"{&quot;ekit_we_effect_on&quot;:&quot;none&quot;}\" data-widget_type=\"ct_contact_info.default\">\n\t\t\t\t<div class=\"elementor-widget-container\">\n\t\t\t    <div id=\"ct_contact_info-f93ea32\" class=\"ct-contact-info ct-contact-info1 style2\" data-wow-duration=\"1.2s\">\r\n        <div class=\"ct-inline-css\"  data-css=\"            \">\r\n\r\n        <\/div>\r\n                        <div class=\"item--contact-info\">\r\n                \t    \t\t\t        <span class=\"ct-contact-icon\">\r\n    \t\t                <i aria-hidden=\"true\" class=\"flaticon flaticon-telephone-call\"><\/i>    \t\t                    \t\t\t        <\/span>\r\n    \t\t\t                        <span class=\"ct-contact-content\">\r\n                \t   Tel. <a href=\"tel:+37037323032\">+370 373 23032<\/a><\/span>                    <\/span>\r\n                                   <\/div>\r\n                        <div class=\"item--contact-info\">\r\n                \t    \t\t\t        <span class=\"ct-contact-icon\">\r\n    \t\t                <i aria-hidden=\"true\" class=\"flaticon flaticon-telephone-call\"><\/i>    \t\t                    \t\t\t        <\/span>\r\n    \t\t\t                        <span class=\"ct-contact-content\">\r\n                \t   Tel. <a href=\"tel:++37060083350\">+370 600 83350<\/a><\/span>                    <\/span>\r\n                                   <\/div>\r\n                        <div class=\"item--contact-info\">\r\n                \t    \t\t\t        <span class=\"ct-contact-icon\">\r\n    \t\t                <i aria-hidden=\"true\" class=\"flaticon flaticon-telephone-call\"><\/i>    \t\t                    \t\t\t        <\/span>\r\n    \t\t\t                        <span class=\"ct-contact-content\">\r\n                \t   Tel. <a href=\"tel:+37063074172\">+370 630 74172<\/a><\/span>                    <\/span>\r\n                                   <\/div>\r\n                        <div class=\"item--contact-info\">\r\n                \t    \t\t\t        <span class=\"ct-contact-icon\">\r\n    \t\t                <i aria-hidden=\"true\" class=\"flaticon flaticon-email\"><\/i>    \t\t                    \t\t\t        <\/span>\r\n    \t\t\t                        <span class=\"ct-contact-content\">\r\n                \t   Email <a href=\"mailto:zaliakalnio.p-ka@inbox.lt\">zaliakalnio.p-ka@inbox.lt<\/a>                    <\/span>\r\n                                   <\/div>\r\n                        <div class=\"item--contact-info\">\r\n                \t    \t\t\t        <span class=\"ct-contact-icon\">\r\n    \t\t                <i aria-hidden=\"true\" class=\"fas fa-map-pin\"><\/i>    \t\t                    \t\t\t        <\/span>\r\n    \t\t\t                        <span class=\"ct-contact-content\">\r\n                \t    <a href=\"https:\/\/goo.gl\/maps\/6TdoZoJorqw62cuD6\">Savanori\u0173 pr. 125 LT-44148, Kaunas<\/a>                    <\/span>\r\n                                   <\/div>\r\n            <\/div>\r\n\t\t<\/div>\n\t\t\t\t<\/div>\n\t\t            <\/div>\n        <\/div>\n                            <\/div>\n        <\/section>\n        \t\t\t\t\t<\/div>","protected":false},"excerpt":{"rendered":"<p>Seasonal depression is a disorder associated with a particular time of year. It affects between 0.4 and 9.7 per cent of people, mostly in northern latitudes, and genetic factors play a role in the onset of this disorder. There is a distinction between autumn (winter) and spring (summer) depression. Seasonal depression is characterised by depressed mood, reduced performance and a feeling of persistent fatigue at certain times of the year. The [...]<\/p>","protected":false},"author":2,"featured_media":7003,"comment_status":"closed","ping_status":"closed","sticky":false,"template":"","format":"standard","meta":{"footnotes":""},"categories":[1],"tags":[],"class_list":["post-7024","post","type-post","status-publish","format-standard","has-post-thumbnail","hentry","category-naujienos"],"yoast_head":"<!-- This site is optimized with the Yoast SEO plugin v25.2 - https:\/\/yoast.com\/wordpress\/plugins\/seo\/ -->\n<title>Sezonin\u0117 depresija - \u017daliakalnio poliklinika<\/title>\n<meta name=\"description\" content=\"Sezonin\u0117 depresija\" \/>\n<meta name=\"robots\" content=\"index, follow, max-snippet:-1, max-image-preview:large, max-video-preview:-1\" \/>\n<link rel=\"canonical\" href=\"https:\/\/zaliakalniopoliklinika.lt\/en\/2022\/10\/26\/sezonine-depresija\/\" \/>\n<meta property=\"og:locale\" content=\"en_US\" \/>\n<meta property=\"og:type\" content=\"article\" \/>\n<meta property=\"og:title\" content=\"Sezonin\u0117 depresija - \u017daliakalnio poliklinika\" \/>\n<meta property=\"og:description\" content=\"Sezonin\u0117 depresija\" \/>\n<meta property=\"og:url\" content=\"https:\/\/zaliakalniopoliklinika.lt\/en\/2022\/10\/26\/sezonine-depresija\/\" \/>\n<meta property=\"og:site_name\" content=\"\u017daliakalnio poliklinika\" \/>\n<meta property=\"article:publisher\" content=\"https:\/\/www.facebook.com\/uabzaliakalniopoliklinika\/\" \/>\n<meta property=\"article:published_time\" content=\"2022-10-26T14:51:34+00:00\" \/>\n<meta property=\"article:modified_time\" content=\"2023-02-01T15:44:35+00:00\" \/>\n<meta property=\"og:image\" content=\"https:\/\/zaliakalniopoliklinika.lt\/wp-content\/uploads\/2021\/07\/Spalio-10-d.jpg\" \/>\n\t<meta property=\"og:image:width\" content=\"1410\" \/>\n\t<meta property=\"og:image:height\" content=\"1182\" \/>\n\t<meta property=\"og:image:type\" content=\"image\/jpeg\" \/>\n<meta name=\"author\" content=\"admin\" \/>\n<meta name=\"twitter:card\" content=\"summary_large_image\" \/>\n<meta name=\"twitter:label1\" content=\"Written by\" \/>\n\t<meta name=\"twitter:data1\" content=\"admin\" \/>\n\t<meta name=\"twitter:label2\" content=\"Est. reading time\" \/>\n\t<meta name=\"twitter:data2\" content=\"2 minutes\" \/>\n<script type=\"application\/ld+json\" class=\"yoast-schema-graph\">{\"@context\":\"https:\/\/schema.org\",\"@graph\":[{\"@type\":\"Article\",\"@id\":\"https:\/\/zaliakalniopoliklinika.lt\/2022\/10\/26\/sezonine-depresija\/#article\",\"isPartOf\":{\"@id\":\"https:\/\/zaliakalniopoliklinika.lt\/2022\/10\/26\/sezonine-depresija\/\"},\"author\":{\"name\":\"admin\",\"@id\":\"https:\/\/zaliakalniopoliklinika.lt\/#\/schema\/person\/28a60540c03c7c54de4bd04116a66638\"},\"headline\":\"Sezonin\u0117 depresija\",\"datePublished\":\"2022-10-26T14:51:34+00:00\",\"dateModified\":\"2023-02-01T15:44:35+00:00\",\"mainEntityOfPage\":{\"@id\":\"https:\/\/zaliakalniopoliklinika.lt\/2022\/10\/26\/sezonine-depresija\/\"},\"wordCount\":370,\"publisher\":{\"@id\":\"https:\/\/zaliakalniopoliklinika.lt\/#organization\"},\"image\":{\"@id\":\"https:\/\/zaliakalniopoliklinika.lt\/2022\/10\/26\/sezonine-depresija\/#primaryimage\"},\"thumbnailUrl\":\"https:\/\/zaliakalniopoliklinika.lt\/wp-content\/uploads\/2021\/07\/Spalio-10-d.jpg\",\"articleSection\":[\"Naujienos\"],\"inLanguage\":\"en-US\"},{\"@type\":\"WebPage\",\"@id\":\"https:\/\/zaliakalniopoliklinika.lt\/2022\/10\/26\/sezonine-depresija\/\",\"url\":\"https:\/\/zaliakalniopoliklinika.lt\/2022\/10\/26\/sezonine-depresija\/\",\"name\":\"Sezonin\u0117 depresija - \u017daliakalnio poliklinika\",\"isPartOf\":{\"@id\":\"https:\/\/zaliakalniopoliklinika.lt\/#website\"},\"primaryImageOfPage\":{\"@id\":\"https:\/\/zaliakalniopoliklinika.lt\/2022\/10\/26\/sezonine-depresija\/#primaryimage\"},\"image\":{\"@id\":\"https:\/\/zaliakalniopoliklinika.lt\/2022\/10\/26\/sezonine-depresija\/#primaryimage\"},\"thumbnailUrl\":\"https:\/\/zaliakalniopoliklinika.lt\/wp-content\/uploads\/2021\/07\/Spalio-10-d.jpg\",\"datePublished\":\"2022-10-26T14:51:34+00:00\",\"dateModified\":\"2023-02-01T15:44:35+00:00\",\"description\":\"Sezonin\u0117 depresija\",\"breadcrumb\":{\"@id\":\"https:\/\/zaliakalniopoliklinika.lt\/2022\/10\/26\/sezonine-depresija\/#breadcrumb\"},\"inLanguage\":\"en-US\",\"potentialAction\":[{\"@type\":\"ReadAction\",\"target\":[\"https:\/\/zaliakalniopoliklinika.lt\/2022\/10\/26\/sezonine-depresija\/\"]}]},{\"@type\":\"ImageObject\",\"inLanguage\":\"en-US\",\"@id\":\"https:\/\/zaliakalniopoliklinika.lt\/2022\/10\/26\/sezonine-depresija\/#primaryimage\",\"url\":\"https:\/\/zaliakalniopoliklinika.lt\/wp-content\/uploads\/2021\/07\/Spalio-10-d.jpg\",\"contentUrl\":\"https:\/\/zaliakalniopoliklinika.lt\/wp-content\/uploads\/2021\/07\/Spalio-10-d.jpg\",\"width\":1410,\"height\":1182},{\"@type\":\"BreadcrumbList\",\"@id\":\"https:\/\/zaliakalniopoliklinika.lt\/2022\/10\/26\/sezonine-depresija\/#breadcrumb\",\"itemListElement\":[{\"@type\":\"ListItem\",\"position\":1,\"name\":\"Pagrindinis\",\"item\":\"https:\/\/zaliakalniopoliklinika.lt\/\"},{\"@type\":\"ListItem\",\"position\":2,\"name\":\"Naujienos\",\"item\":\"https:\/\/zaliakalniopoliklinika.lt\/category\/naujienos\/\"},{\"@type\":\"ListItem\",\"position\":3,\"name\":\"Sezonin\u0117 depresija\"}]},{\"@type\":\"WebSite\",\"@id\":\"https:\/\/zaliakalniopoliklinika.lt\/#website\",\"url\":\"https:\/\/zaliakalniopoliklinika.lt\/\",\"name\":\"\u017daliakalnio poliklinika\",\"description\":\"Profesonalios medicinos paslaugos.  Mes r\u016bpinam\u0117s J\u016bs\u0173 sveikata.\",\"publisher\":{\"@id\":\"https:\/\/zaliakalniopoliklinika.lt\/#organization\"},\"alternateName\":\"Poliklinika \u017daliakalnio\",\"potentialAction\":[{\"@type\":\"SearchAction\",\"target\":{\"@type\":\"EntryPoint\",\"urlTemplate\":\"https:\/\/zaliakalniopoliklinika.lt\/?s={search_term_string}\"},\"query-input\":{\"@type\":\"PropertyValueSpecification\",\"valueRequired\":true,\"valueName\":\"search_term_string\"}}],\"inLanguage\":\"en-US\"},{\"@type\":\"Organization\",\"@id\":\"https:\/\/zaliakalniopoliklinika.lt\/#organization\",\"name\":\"\u017daliakalnio poliklinika\",\"url\":\"https:\/\/zaliakalniopoliklinika.lt\/\",\"logo\":{\"@type\":\"ImageObject\",\"inLanguage\":\"en-US\",\"@id\":\"https:\/\/zaliakalniopoliklinika.lt\/#\/schema\/logo\/image\/\",\"url\":\"https:\/\/zaliakalniopoliklinika.lt\/wp-content\/uploads\/2021\/12\/Zaliakalnio-poliklinika-logotipas_skaidrus512x512.png\",\"contentUrl\":\"https:\/\/zaliakalniopoliklinika.lt\/wp-content\/uploads\/2021\/12\/Zaliakalnio-poliklinika-logotipas_skaidrus512x512.png\",\"width\":512,\"height\":512,\"caption\":\"\u017daliakalnio poliklinika\"},\"image\":{\"@id\":\"https:\/\/zaliakalniopoliklinika.lt\/#\/schema\/logo\/image\/\"},\"sameAs\":[\"https:\/\/www.facebook.com\/uabzaliakalniopoliklinika\/\"]},{\"@type\":\"Person\",\"@id\":\"https:\/\/zaliakalniopoliklinika.lt\/#\/schema\/person\/28a60540c03c7c54de4bd04116a66638\",\"name\":\"admin\",\"sameAs\":[\"https:\/\/zaliakalniopoliklinika.lt\"],\"url\":\"https:\/\/zaliakalniopoliklinika.lt\/en\/author\/admin\/\"}]}<\/script>\n<!-- \/ Yoast SEO plugin. -->","yoast_head_json":{"title":"Sezonin\u0117 depresija - \u017daliakalnio poliklinika","description":"Sezonin\u0117 depresija","robots":{"index":"index","follow":"follow","max-snippet":"max-snippet:-1","max-image-preview":"max-image-preview:large","max-video-preview":"max-video-preview:-1"},"canonical":"https:\/\/zaliakalniopoliklinika.lt\/en\/2022\/10\/26\/sezonine-depresija\/","og_locale":"en_US","og_type":"article","og_title":"Sezonin\u0117 depresija - \u017daliakalnio poliklinika","og_description":"Sezonin\u0117 depresija","og_url":"https:\/\/zaliakalniopoliklinika.lt\/en\/2022\/10\/26\/sezonine-depresija\/","og_site_name":"\u017daliakalnio poliklinika","article_publisher":"https:\/\/www.facebook.com\/uabzaliakalniopoliklinika\/","article_published_time":"2022-10-26T14:51:34+00:00","article_modified_time":"2023-02-01T15:44:35+00:00","og_image":[{"width":1410,"height":1182,"url":"https:\/\/zaliakalniopoliklinika.lt\/wp-content\/uploads\/2021\/07\/Spalio-10-d.jpg","type":"image\/jpeg"}],"author":"admin","twitter_card":"summary_large_image","twitter_misc":{"Written by":"admin","Est. reading time":"2 minutes"},"schema":{"@context":"https:\/\/schema.org","@graph":[{"@type":"Article","@id":"https:\/\/zaliakalniopoliklinika.lt\/2022\/10\/26\/sezonine-depresija\/#article","isPartOf":{"@id":"https:\/\/zaliakalniopoliklinika.lt\/2022\/10\/26\/sezonine-depresija\/"},"author":{"name":"admin","@id":"https:\/\/zaliakalniopoliklinika.lt\/#\/schema\/person\/28a60540c03c7c54de4bd04116a66638"},"headline":"Sezonin\u0117 depresija","datePublished":"2022-10-26T14:51:34+00:00","dateModified":"2023-02-01T15:44:35+00:00","mainEntityOfPage":{"@id":"https:\/\/zaliakalniopoliklinika.lt\/2022\/10\/26\/sezonine-depresija\/"},"wordCount":370,"publisher":{"@id":"https:\/\/zaliakalniopoliklinika.lt\/#organization"},"image":{"@id":"https:\/\/zaliakalniopoliklinika.lt\/2022\/10\/26\/sezonine-depresija\/#primaryimage"},"thumbnailUrl":"https:\/\/zaliakalniopoliklinika.lt\/wp-content\/uploads\/2021\/07\/Spalio-10-d.jpg","articleSection":["Naujienos"],"inLanguage":"en-US"},{"@type":"WebPage","@id":"https:\/\/zaliakalniopoliklinika.lt\/2022\/10\/26\/sezonine-depresija\/","url":"https:\/\/zaliakalniopoliklinika.lt\/2022\/10\/26\/sezonine-depresija\/","name":"Sezonin\u0117 depresija - \u017daliakalnio poliklinika","isPartOf":{"@id":"https:\/\/zaliakalniopoliklinika.lt\/#website"},"primaryImageOfPage":{"@id":"https:\/\/zaliakalniopoliklinika.lt\/2022\/10\/26\/sezonine-depresija\/#primaryimage"},"image":{"@id":"https:\/\/zaliakalniopoliklinika.lt\/2022\/10\/26\/sezonine-depresija\/#primaryimage"},"thumbnailUrl":"https:\/\/zaliakalniopoliklinika.lt\/wp-content\/uploads\/2021\/07\/Spalio-10-d.jpg","datePublished":"2022-10-26T14:51:34+00:00","dateModified":"2023-02-01T15:44:35+00:00","description":"Sezonin\u0117 depresija","breadcrumb":{"@id":"https:\/\/zaliakalniopoliklinika.lt\/2022\/10\/26\/sezonine-depresija\/#breadcrumb"},"inLanguage":"en-US","potentialAction":[{"@type":"ReadAction","target":["https:\/\/zaliakalniopoliklinika.lt\/2022\/10\/26\/sezonine-depresija\/"]}]},{"@type":"ImageObject","inLanguage":"en-US","@id":"https:\/\/zaliakalniopoliklinika.lt\/2022\/10\/26\/sezonine-depresija\/#primaryimage","url":"https:\/\/zaliakalniopoliklinika.lt\/wp-content\/uploads\/2021\/07\/Spalio-10-d.jpg","contentUrl":"https:\/\/zaliakalniopoliklinika.lt\/wp-content\/uploads\/2021\/07\/Spalio-10-d.jpg","width":1410,"height":1182},{"@type":"BreadcrumbList","@id":"https:\/\/zaliakalniopoliklinika.lt\/2022\/10\/26\/sezonine-depresija\/#breadcrumb","itemListElement":[{"@type":"ListItem","position":1,"name":"Pagrindinis","item":"https:\/\/zaliakalniopoliklinika.lt\/"},{"@type":"ListItem","position":2,"name":"Naujienos","item":"https:\/\/zaliakalniopoliklinika.lt\/category\/naujienos\/"},{"@type":"ListItem","position":3,"name":"Sezonin\u0117 depresija"}]},{"@type":"WebSite","@id":"https:\/\/zaliakalniopoliklinika.lt\/#website","url":"https:\/\/zaliakalniopoliklinika.lt\/","name":"\u017daliakalnio poliklinika","description":"Profesonalios medicinos paslaugos.  Mes r\u016bpinam\u0117s J\u016bs\u0173 sveikata.","publisher":{"@id":"https:\/\/zaliakalniopoliklinika.lt\/#organization"},"alternateName":"Poliklinika \u017daliakalnio","potentialAction":[{"@type":"SearchAction","target":{"@type":"EntryPoint","urlTemplate":"https:\/\/zaliakalniopoliklinika.lt\/?s={search_term_string}"},"query-input":{"@type":"PropertyValueSpecification","valueRequired":true,"valueName":"search_term_string"}}],"inLanguage":"en-US"},{"@type":"Organization","@id":"https:\/\/zaliakalniopoliklinika.lt\/#organization","name":"\u017daliakalnio poliklinika","url":"https:\/\/zaliakalniopoliklinika.lt\/","logo":{"@type":"ImageObject","inLanguage":"en-US","@id":"https:\/\/zaliakalniopoliklinika.lt\/#\/schema\/logo\/image\/","url":"https:\/\/zaliakalniopoliklinika.lt\/wp-content\/uploads\/2021\/12\/Zaliakalnio-poliklinika-logotipas_skaidrus512x512.png","contentUrl":"https:\/\/zaliakalniopoliklinika.lt\/wp-content\/uploads\/2021\/12\/Zaliakalnio-poliklinika-logotipas_skaidrus512x512.png","width":512,"height":512,"caption":"\u017daliakalnio poliklinika"},"image":{"@id":"https:\/\/zaliakalniopoliklinika.lt\/#\/schema\/logo\/image\/"},"sameAs":["https:\/\/www.facebook.com\/uabzaliakalniopoliklinika\/"]},{"@type":"Person","@id":"https:\/\/zaliakalniopoliklinika.lt\/#\/schema\/person\/28a60540c03c7c54de4bd04116a66638","name":"admin","sameAs":["https:\/\/zaliakalniopoliklinika.lt"],"url":"https:\/\/zaliakalniopoliklinika.lt\/en\/author\/admin\/"}]}},"publishpress_future_action":{"enabled":false,"date":"2026-05-06 09:14:09","action":"change-status","newStatus":"draft","terms":[],"taxonomy":"category"},"publishpress_future_workflow_manual_trigger":{"enabledWorkflows":[]},"_links":{"self":[{"href":"https:\/\/zaliakalniopoliklinika.lt\/en\/wp-json\/wp\/v2\/posts\/7024","targetHints":{"allow":["GET"]}}],"collection":[{"href":"https:\/\/zaliakalniopoliklinika.lt\/en\/wp-json\/wp\/v2\/posts"}],"about":[{"href":"https:\/\/zaliakalniopoliklinika.lt\/en\/wp-json\/wp\/v2\/types\/post"}],"author":[{"embeddable":true,"href":"https:\/\/zaliakalniopoliklinika.lt\/en\/wp-json\/wp\/v2\/users\/2"}],"replies":[{"embeddable":true,"href":"https:\/\/zaliakalniopoliklinika.lt\/en\/wp-json\/wp\/v2\/comments?post=7024"}],"version-history":[{"count":0,"href":"https:\/\/zaliakalniopoliklinika.lt\/en\/wp-json\/wp\/v2\/posts\/7024\/revisions"}],"wp:featuredmedia":[{"embeddable":true,"href":"https:\/\/zaliakalniopoliklinika.lt\/en\/wp-json\/wp\/v2\/media\/7003"}],"wp:attachment":[{"href":"https:\/\/zaliakalniopoliklinika.lt\/en\/wp-json\/wp\/v2\/media?parent=7024"}],"wp:term":[{"taxonomy":"category","embeddable":true,"href":"https:\/\/zaliakalniopoliklinika.lt\/en\/wp-json\/wp\/v2\/categories?post=7024"},{"taxonomy":"post_tag","embeddable":true,"href":"https:\/\/zaliakalniopoliklinika.lt\/en\/wp-json\/wp\/v2\/tags?post=7024"}],"curies":[{"name":"wp","href":"https:\/\/api.w.org\/{rel}","templated":true}]}}